{"id":915,"date":"2023-08-02T13:22:01","date_gmt":"2023-08-02T13:22:01","guid":{"rendered":"http:\/\/danny-buller.com\/?p=915"},"modified":"2024-04-16T17:32:43","modified_gmt":"2024-04-16T17:32:43","slug":"sag-ihr-auch-die-neue-single","status":"publish","type":"post","link":"http:\/\/danny-buller.com\/?p=915","title":{"rendered":"Sag ihr auch &#8211; F\u00fcnf Wochen Platz 1"},"content":{"rendered":"\n<p>Kaum etwas ver\u00e4ndert unser Leben mit \u00e4hnlicher Wucht wie das Ende einer langen und gl\u00fccklichen Beziehung. Verbunden mit vielen Emotionen und oft auch Tr\u00e4nen, ist es immer schwerer f\u00fcr den Verlassenen. Besonders dann, wenn wir an all den sch\u00f6nen Erinnerungen festhalten und das Herz weiterhin f\u00fcr diese eine gro\u00dfe Liebe schl\u00e4gt : \u201eobwohl ich wei\u00df, es ist zu sp\u00e4t\u201c.&nbsp;<\/p>\n\n\n\n<p>Sag ihr auch, ich lieb sie immer noch.&nbsp;<\/p>\n\n\n\n<p>Vor vielen Jahrzenten war dieser wundersch\u00f6ne Song einst einer der gr\u00f6ssten Hits, ein Millionenseller in der ehemaligen DDR. Hitproduzent Charly Bereiter (Beatrice Egli) h\u00f6rte diesen grandiosen Nostalgie-Hit auf einem LIVE Konzert von Danny Buller &amp; Gerd Christian im Duett gesungen und war augenblicklich ber\u00fchrt.&nbsp;<\/p>\n\n\n\n<p>K\u00fcnstlerisch einf\u00fchlsam, modern und zeitgem\u00e4ss produziert und mit der eindr\u00fccklichen, stimmlichen Interpretation von Danny Buller ist die neue Version von \u201eSag ihr auch\u201c ein wahres Meisterwerk geworden.&nbsp;<\/p>\n\n\n\n<p>Der strahlende und lebensfrohe S\u00e4nger l\u00e4sst auch in seinem neuesten Titel die Liebe und die Hoffnung \u00fcber allem scheinen.&nbsp;<\/p>\n\n\n\n<p>Sag ihr auch<br>Ab 04.08.2023 \u00fcberall im Download &amp; Streaming&nbsp;<\/p>\n","protected":false},"excerpt":{"rendered":"<p>Kaum etwas ver\u00e4ndert unser Leben mit \u00e4hnlicher Wucht wie das Ende einer langen und gl\u00fccklichen Beziehung. Verbunden mit vielen Emotionen und oft auch Tr\u00e4nen, ist&#8230;<\/p>\n<div class=\"more-link-wrapper\"><a class=\"more-link\" href=\"http:\/\/danny-buller.com\/?p=915\">Weiterlesen<span class=\"screen-reader-text\">Sag ihr auch &#8211; F\u00fcnf Wochen Platz 1<\/span><\/a><\/div>\n","protected":false},"author":1,"featured_media":916,"comment_status":"closed","ping_status":"open","sticky":false,"template":"","format":"standard","meta":{"jetpack_post_was_ever_published":false,"_jetpack_newsletter_access":"","_jetpack_dont_email_post_to_subs":false,"_jetpack_newsletter_tier_id":0,"_jetpack_memberships_contains_paywalled_content":false,"_jetpack_memberships_contains_paid_content":false,"footnotes":""},"categories":[14],"tags":[],"class_list":["post-915","post","type-post","status-publish","format-standard","has-post-thumbnail","hentry","category-musik","entry"],"jetpack_featured_media_url":"http:\/\/danny-buller.com\/wp-content\/uploads\/2023\/08\/Titelbild-Sag-ihr-auch-Danny-Buller-scaled.jpg","jetpack_sharing_enabled":true,"_links":{"self":[{"href":"http:\/\/danny-buller.com\/index.php?rest_route=\/wp\/v2\/posts\/915","targetHints":{"allow":["GET"]}}],"collection":[{"href":"http:\/\/danny-buller.com\/index.php?rest_route=\/wp\/v2\/posts"}],"about":[{"href":"http:\/\/danny-buller.com\/index.php?rest_route=\/wp\/v2\/types\/post"}],"author":[{"embeddable":true,"href":"http:\/\/danny-buller.com\/index.php?rest_route=\/wp\/v2\/users\/1"}],"replies":[{"embeddable":true,"href":"http:\/\/danny-buller.com\/index.php?rest_route=%2Fwp%2Fv2%2Fcomments&post=915"}],"version-history":[{"count":4,"href":"http:\/\/danny-buller.com\/index.php?rest_route=\/wp\/v2\/posts\/915\/revisions"}],"predecessor-version":[{"id":963,"href":"http:\/\/danny-buller.com\/index.php?rest_route=\/wp\/v2\/posts\/915\/revisions\/963"}],"wp:featuredmedia":[{"embeddable":true,"href":"http:\/\/danny-buller.com\/index.php?rest_route=\/wp\/v2\/media\/916"}],"wp:attachment":[{"href":"http:\/\/danny-buller.com\/index.php?rest_route=%2Fwp%2Fv2%2Fmedia&parent=915"}],"wp:term":[{"taxonomy":"category","embeddable":true,"href":"http:\/\/danny-buller.com\/index.php?rest_route=%2Fwp%2Fv2%2Fcategories&post=915"},{"taxonomy":"post_tag","embeddable":true,"href":"http:\/\/danny-buller.com\/index.php?rest_route=%2Fwp%2Fv2%2Ftags&post=915"}],"curies":[{"name":"wp","href":"https:\/\/api.w.org\/{rel}","templated":true}]}}